{"id":906,"date":"2016-03-03T14:05:59","date_gmt":"2016-03-03T13:05:59","guid":{"rendered":"http:\/\/www.cinecaro.com\/?p=906"},"modified":"2016-06-08T09:11:31","modified_gmt":"2016-06-08T08:11:31","slug":"iranien","status":"publish","type":"post","link":"https:\/\/www.cinecaro.com\/index.php\/2016\/03\/03\/iranien\/","title":{"rendered":"Iranien"},"content":{"rendered":"<p>Jusqu&rsquo;o\u00f9 puis-je dialoguer avec quelqu&rsquo;un dont la pens\u00e9e semble exclure mon existence propre&nbsp;?<br \/>\nC&rsquo;est cette question que, dans une volont\u00e9 de tol\u00e9rance et d\u2019ouverture, le documentariste Mehran Tamadon se pose \u00e0 propos de sa condition d&rsquo;ath\u00e9e en Iran. Et sa r\u00e9ponse tient \u00e0 son courage de filmer, et d&rsquo;affirmer : \u00ab Je veux exister dans une soci\u00e9t\u00e9 qui me nie et dire ce que je pense ? Je prends ma cam\u00e9ra et je trouve des gens avec qui d\u00e9battre ! \u00bb.<br \/>\n<!--more--><\/p>\n<p><strong>Fiche technique :<\/strong><br \/>\nImage : Mohammad Reza Jahanpanah, Reza Abiat.<br \/>\nSon : Ali-Reza Karimnejad.<br \/>\nMontage : Mehran Tamadon, Marie-H\u00e9l\u00e8ne Dozo, Luc Forveille, Olivier Zuchuat<\/p>\n<p><strong>Synopsis :<\/strong><br \/>\nIranien ath\u00e9e, le r\u00e9alisateur Mehran Tamadon a r\u00e9ussi \u00e0 convaincre quatre mollahs, partisans de la R\u00e9publique Islamique d&rsquo;Iran, de venir habiter et discuter avec lui pendant deux jours. Dans ce huis clos, les d\u00e9bats se m\u00ealent \u00e0 la vie quotidienne pour faire \u00e9merger sans cesse cette question : comment vivre ensemble lorsque l&rsquo;appr\u00e9hension du monde des uns et des autres est si oppos\u00e9e ? La libert\u00e9, la religion, la place de la femme sont autant de sujets de discorde qui viennent peu \u00e0 peu troubler la qui\u00e9tude du salon, mais toujours dans une ambiance \u00e9trangement d\u00e9tendue o\u00f9 chacun se taquine mutuellement.<\/p>\n<p><strong>Presse :<\/strong><br \/>\n<a href=\"http:\/\/www.lacid.org\/iranien\" target=\"_blank\">ACID<\/a><br \/>\n<a href=\"http:\/\/www.critikat.com\/actualite-cine\/critique\/iranien.html\" target=\"_blank\">critikat<\/a><\/p>\n<p><center><iframe src=\"https:\/\/www.youtube.com\/embed\/9cB9GqVbrBU\" width=\"1260\" height=\"315\" frameborder=\"0\" allowfullscreen=\"allowfullscreen\"><\/iframe><\/center><\/p>\n","protected":false},"excerpt":{"rendered":"<p>Jusqu&rsquo;o\u00f9 puis-je dialoguer avec quelqu&rsquo;un dont la pens\u00e9e semble exclure mon existence propre&nbsp;? C&rsquo;est cette question que, dans une volont\u00e9 de tol\u00e9rance et d\u2019ouverture, le documentariste Mehran Tamadon se pose \u00e0 propos de sa condition d&rsquo;ath\u00e9e en Iran. Et sa r\u00e9ponse tient \u00e0 son courage de filmer, et d&rsquo;affirmer : \u00ab Je veux exister dans une soci\u00e9t\u00e9 qui me nie et dire ce que je pense ? Je prends ma cam\u00e9ra et je trouve des gens avec qui d\u00e9battre ! \u00bb.<\/p>\n","protected":false},"author":1,"featured_media":1020,"comment_status":"open","ping_status":"open","sticky":false,"template":"","format":"standard","meta":{"footnotes":""},"categories":[2,37],"tags":[],"class_list":["post-906","post","type-post","status-publish","format-standard","has-post-thumbnail","hentry","category-projections","category-saison-20152016"],"_links":{"self":[{"href":"https:\/\/www.cinecaro.com\/index.php\/wp-json\/wp\/v2\/posts\/906","targetHints":{"allow":["GET"]}}],"collection":[{"href":"https:\/\/www.cinecaro.com\/index.php\/wp-json\/wp\/v2\/posts"}],"about":[{"href":"https:\/\/www.cinecaro.com\/index.php\/wp-json\/wp\/v2\/types\/post"}],"author":[{"embeddable":true,"href":"https:\/\/www.cinecaro.com\/index.php\/wp-json\/wp\/v2\/users\/1"}],"replies":[{"embeddable":true,"href":"https:\/\/www.cinecaro.com\/index.php\/wp-json\/wp\/v2\/comments?post=906"}],"version-history":[{"count":27,"href":"https:\/\/www.cinecaro.com\/index.php\/wp-json\/wp\/v2\/posts\/906\/revisions"}],"predecessor-version":[{"id":1207,"href":"https:\/\/www.cinecaro.com\/index.php\/wp-json\/wp\/v2\/posts\/906\/revisions\/1207"}],"wp:featuredmedia":[{"embeddable":true,"href":"https:\/\/www.cinecaro.com\/index.php\/wp-json\/wp\/v2\/media\/1020"}],"wp:attachment":[{"href":"https:\/\/www.cinecaro.com\/index.php\/wp-json\/wp\/v2\/media?parent=906"}],"wp:term":[{"taxonomy":"category","embeddable":true,"href":"https:\/\/www.cinecaro.com\/index.php\/wp-json\/wp\/v2\/categories?post=906"},{"taxonomy":"post_tag","embeddable":true,"href":"https:\/\/www.cinecaro.com\/index.php\/wp-json\/wp\/v2\/tags?post=906"}],"curies":[{"name":"wp","href":"https:\/\/api.w.org\/{rel}","templated":true}]}}