{"id":2077,"date":"2023-05-17T14:15:18","date_gmt":"2023-05-17T13:15:18","guid":{"rendered":"http:\/\/www.cinecaro.com\/?p=2077"},"modified":"2024-01-08T09:28:43","modified_gmt":"2024-01-08T08:28:43","slug":"paulina-danser-sa-vie","status":"publish","type":"post","link":"https:\/\/www.cinecaro.com\/index.php\/2023\/05\/17\/paulina-danser-sa-vie\/","title":{"rendered":"Polina, danser sa vie"},"content":{"rendered":"<p>Russie, dans les ann\u00e9es 90. Port\u00e9e depuis l&rsquo;enfance par la rigueur et l&rsquo;exigence du professeur Bojinski, Polina est une danseuse classique prometteuse. Alors qu&rsquo;elle s&rsquo;appr\u00eate \u00e0 int\u00e9grer le prestigieux ballet du Bolcho\u00ef, elle assiste \u00e0 un spectacle de danse contemporaine qui la bouleverse profond\u00e9ment. C&rsquo;est un choc artistique qui fait vaciller tout ce en quoi elle croyait. Elle d\u00e9cide de tout quitter et rejoint Aix-en-Provence pour travailler avec la talentueuse chor\u00e9graphe Liria Elsaj et tenter de trouver sa propre voie.<\/p>\n<p><!--more--><\/p>\n<p><strong>Acteurs :<\/strong> Anastasia Shevtsova, Niels Schneider, Juliette Binoche&#8230;<\/p>\n<p><strong>Fiche technique :<\/strong><\/p>\n<p><span style=\"color: #000000;\">R\u00e9alisation\u00a0: <a style=\"color: #000000;\" title=\"Val\u00e9rie M\u00fcller\" href=\"https:\/\/fr.wikipedia.org\/wiki\/Val%C3%A9rie_M%C3%BCller\">Val\u00e9rie M\u00fcller<\/a> et <a style=\"color: #000000;\" title=\"Angelin Preljocaj\" href=\"https:\/\/fr.wikipedia.org\/wiki\/Angelin_Preljocaj\">Angelin Preljocaj<\/a><\/span><br \/>\n<span style=\"color: #000000;\">Sc\u00e9nario\u00a0: Val\u00e9rie M\u00fcller et Angelin Preljocaj, d&rsquo;apr\u00e8s <i><a style=\"color: #000000;\" title=\"Polina (bande dessin\u00e9e)\" href=\"https:\/\/fr.wikipedia.org\/wiki\/Polina_(bande_dessin%C3%A9e)\">Polina<\/a><\/i> de <a style=\"color: #000000;\" title=\"Bastien Viv\u00e8s\" href=\"https:\/\/fr.wikipedia.org\/wiki\/Bastien_Viv%C3%A8s\">Bastien Viv\u00e8s<\/a><\/span><br \/>\nChef op\u00e9rateur : Georges Lechaptois<br \/>\n<span style=\"color: #000000;\">Musique\u00a0: collectif 79D<sup id=\"cite_ref-1\" class=\"reference\"><\/sup><\/span><br \/>\n<span style=\"color: #000000;\">Montage\u00a0: <a class=\"new\" style=\"color: #000000;\" title=\"Guillaume Saignol (page inexistante)\" href=\"https:\/\/fr.wikipedia.org\/w\/index.php?title=Guillaume_Saignol&amp;action=edit&amp;redlink=1\">Guillaume Saignol<\/a><\/span><br \/>\n<span style=\"color: #000000;\">D\u00e9cors\u00a0: <a style=\"color: #000000;\" title=\"Toma Baqu\u00e9ni\" href=\"https:\/\/fr.wikipedia.org\/wiki\/Toma_Baqu%C3%A9ni\">Toma Baqu\u00e9ni<\/a><\/span><br \/>\n<span style=\"color: #000000;\">Costumes\u00a0: <a class=\"new\" style=\"color: #000000;\" title=\"Caroline Spieth (page inexistante)\" href=\"https:\/\/fr.wikipedia.org\/w\/index.php?title=Caroline_Spieth&amp;action=edit&amp;redlink=1\">Caroline Spieth<\/a><\/span><br \/>\n<span style=\"color: #000000;\">Producteur\u00a0: <a class=\"new\" style=\"color: #000000;\" title=\"Didier Creste (page inexistante)\" href=\"https:\/\/fr.wikipedia.org\/w\/index.php?title=Didier_Creste&amp;action=edit&amp;redlink=1\">Didier Creste<\/a> et <a class=\"new\" style=\"color: #000000;\" title=\"Ga\u00eblle Bayssi\u00e8re (page inexistante)\" href=\"https:\/\/fr.wikipedia.org\/w\/index.php?title=Ga%C3%ABlle_Bayssi%C3%A8re&amp;action=edit&amp;redlink=1\">Ga\u00eblle Bayssi\u00e8re<\/a><\/span><br \/>\n<span style=\"color: #000000;\">Soci\u00e9t\u00e9 de production\u00a0: <a class=\"new\" style=\"color: #000000;\" title=\"Everybody on Deck (page inexistante)\" href=\"https:\/\/fr.wikipedia.org\/w\/index.php?title=Everybody_on_Deck&amp;action=edit&amp;redlink=1\">Everybody on Deck<\/a> et <a style=\"color: #000000;\" title=\"TF1\" href=\"https:\/\/fr.wikipedia.org\/wiki\/TF1\">TF1<\/a>, en association avec <a style=\"color: #000000;\" title=\"Soci\u00e9t\u00e9 pour le financement de l'industrie cin\u00e9matographique et audiovisuelle\" href=\"https:\/\/fr.wikipedia.org\/wiki\/Soci%C3%A9t%C3%A9_pour_le_financement_de_l%27industrie_cin%C3%A9matographique_et_audiovisuelle\">Ind\u00e9films 4<\/a><\/span><br \/>\n<span style=\"color: #000000;\">Distribution\u00a0: <a class=\"mw-redirect\" style=\"color: #000000;\" title=\"UGC Distribution\" href=\"https:\/\/fr.wikipedia.org\/wiki\/UGC_Distribution\">UGC Distribution<\/a><\/span><\/p>\n","protected":false},"excerpt":{"rendered":"<p>Russie, dans les ann\u00e9es 90. Port\u00e9e depuis l&rsquo;enfance par la rigueur et l&rsquo;exigence du professeur Bojinski, Polina est une danseuse classique prometteuse. Alors qu&rsquo;elle s&rsquo;appr\u00eate \u00e0 int\u00e9grer le prestigieux ballet&hellip;<\/p>\n","protected":false},"author":1,"featured_media":2115,"comment_status":"closed","ping_status":"closed","sticky":false,"template":"","format":"standard","meta":{"footnotes":""},"categories":[1,2,55],"tags":[],"class_list":["post-2077","post","type-post","status-publish","format-standard","has-post-thumbnail","hentry","category-non-classe","category-projections","category-saison-20232024"],"_links":{"self":[{"href":"https:\/\/www.cinecaro.com\/index.php\/wp-json\/wp\/v2\/posts\/2077","targetHints":{"allow":["GET"]}}],"collection":[{"href":"https:\/\/www.cinecaro.com\/index.php\/wp-json\/wp\/v2\/posts"}],"about":[{"href":"https:\/\/www.cinecaro.com\/index.php\/wp-json\/wp\/v2\/types\/post"}],"author":[{"embeddable":true,"href":"https:\/\/www.cinecaro.com\/index.php\/wp-json\/wp\/v2\/users\/1"}],"replies":[{"embeddable":true,"href":"https:\/\/www.cinecaro.com\/index.php\/wp-json\/wp\/v2\/comments?post=2077"}],"version-history":[{"count":7,"href":"https:\/\/www.cinecaro.com\/index.php\/wp-json\/wp\/v2\/posts\/2077\/revisions"}],"predecessor-version":[{"id":2137,"href":"https:\/\/www.cinecaro.com\/index.php\/wp-json\/wp\/v2\/posts\/2077\/revisions\/2137"}],"wp:featuredmedia":[{"embeddable":true,"href":"https:\/\/www.cinecaro.com\/index.php\/wp-json\/wp\/v2\/media\/2115"}],"wp:attachment":[{"href":"https:\/\/www.cinecaro.com\/index.php\/wp-json\/wp\/v2\/media?parent=2077"}],"wp:term":[{"taxonomy":"category","embeddable":true,"href":"https:\/\/www.cinecaro.com\/index.php\/wp-json\/wp\/v2\/categories?post=2077"},{"taxonomy":"post_tag","embeddable":true,"href":"https:\/\/www.cinecaro.com\/index.php\/wp-json\/wp\/v2\/tags?post=2077"}],"curies":[{"name":"wp","href":"https:\/\/api.w.org\/{rel}","templated":true}]}}